{"id":1339,"date":"2023-05-25T14:28:38","date_gmt":"2023-05-25T12:28:38","guid":{"rendered":"https:\/\/www.parkgold.it\/news\/?p=1339"},"modified":"2023-05-25T14:40:23","modified_gmt":"2023-05-25T12:40:23","slug":"addio-modalita-aereo","status":"publish","type":"post","link":"https:\/\/www.parkgold.it\/news\/addio-modalita-aereo\/","title":{"rendered":"Addio modalit\u00e0 aereo!"},"content":{"rendered":"\n<p><strong>Via libera da parte della Commissione Europea all\u2019utilizzo di dispositivi dotati di connessione ad internet durante il volo. Dimenticate la \u201cmodalit\u00e0 aereo\u201d .. o quasi. <\/strong><strong><\/strong><\/p>\n\n\n\n<p>Stando alle ultime dichiarazioni, la &#8220;<strong>modalit\u00e0 aereo<\/strong>&#8221; ha i giorni contati durante i viaggi dentro ai confini europei.<br>Il 24 novembre 2022, infatti, la <strong>Commissione Europea<\/strong> ha dato il via libera all&#8217;<strong>utilizzo dei dispositivi connessi ad internet <\/strong>durante i voli, andando a modificare ed aggiornare la legge del 2008, consentendo ai Paesi europei di assegnare le<strong> frequenze di banda 5G <\/strong>ai velivoli fino al 30 giugno 2023.<\/p>\n\n\n\n<p>Nella nota ufficiale rilasciata dalla Commissione Europea &#8220;i passeggeri in volo all&#8217;interno dell&#8217;UE potranno <strong>utilizzare lo smartphone al massimo delle proprie potenzialit\u00e0<\/strong>, comprese le chiamate&#8221;, al contrario di quanto accadeva se si procedeva con l\u2019acquisto della connessione wifi direttamente tramite le compagnie aeree le quali proponevano un servizio scarso e a prezzi altissimi.<br><br>La possibilit\u00e0 di <strong>telefonare in aereo<\/strong> \u00e8 una novit\u00e0 che, a partire da quest&#8217;estate, sar\u00e0 disponibile su molti voli. Tuttavia, questa innovazione presenta alcuni <strong>svantaggi <\/strong>che potrebbero influire sull&#8217;<strong>esperienza di viaggio<\/strong> dei passeggeri. Di seguito, ve ne elenchiamo alcuni:<\/p>\n\n\n<div class=\"wp-block-image\">\n<figure class=\"aligncenter size-large is-resized\"><img loading=\"lazy\" decoding=\"async\" src=\"https:\/\/www.parkgold.it\/news\/wp-content\/uploads\/2023\/05\/pexels-skitterphoto-442419-1024x649.jpg\" alt=\"modalit\u00e0 aereo \" class=\"wp-image-1341\" width=\"586\" height=\"370\" srcset=\"https:\/\/www.parkgold.it\/news\/wp-content\/uploads\/2023\/05\/pexels-skitterphoto-442419-1024x649.jpg 1024w, https:\/\/www.parkgold.it\/news\/wp-content\/uploads\/2023\/05\/pexels-skitterphoto-442419-300x190.jpg 300w, https:\/\/www.parkgold.it\/news\/wp-content\/uploads\/2023\/05\/pexels-skitterphoto-442419-1536x973.jpg 1536w, https:\/\/www.parkgold.it\/news\/wp-content\/uploads\/2023\/05\/pexels-skitterphoto-442419-2048x1298.jpg 2048w\" sizes=\"auto, (max-width: 586px) 100vw, 586px\" \/><\/figure>\n<\/div>\n\n\n<p><strong>Disturbo acustico<\/strong>: Le chiamate telefoniche in aereo possono generare <strong>rumore <\/strong>e creare un ambiente rumoroso all&#8217;interno della cabina. Ci\u00f2 potrebbe disturbare i passeggeri che cercano di riposarsi, lavorare o godersi il loro <strong>viaggio in tranquillit\u00e0.<\/strong><\/p>\n\n\n\n<p><strong>Privacy<\/strong>: Le conversazioni telefoniche degli altri passeggeri potrebbero essere udite da chi si trova nelle vicinanze, <strong>compromettendo la privacy <\/strong>di chi parla e di chi ascolta.<\/p>\n\n\n\n<p><strong>Conflitti tra passeggeri<\/strong>: La possibilit\u00e0 di effettuare chiamate in aereo potrebbe causare <strong>tensioni tra i passeggeri<\/strong>, soprattutto se alcuni ritengono che le conversazioni al telefono siano fastidiose o inopportune.<\/p>\n\n\n\n<p><strong>Sicurezza<\/strong>: Sebbene gli apparecchi elettronici siano ormai generalmente considerati sicuri durante il volo, l&#8217;introduzione delle chiamate telefoniche potrebbe sollevare nuove preoccupazioni riguardanti la <strong>sicurezza e l&#8217;interferenza<\/strong> con i sistemi di bordo.<\/p>\n\n\n\n<p><strong>Costi aggiuntivi<\/strong>: Effettuare chiamate in volo potrebbe comportare <strong>costi aggiuntivi per i passeggeri<\/strong>, a seconda delle tariffe applicate dalle compagnie aeree e dai fornitori di servizi di telefonia mobile.<\/p>\n\n\n\n<p><strong>Qualit\u00e0 delle chiamate<\/strong>: La qualit\u00e0 delle chiamate in aereo potrebbe essere <strong>inferiore <\/strong>rispetto a quella a cui siamo abituati a terra, a causa delle <strong>limitazioni tecniche<\/strong> e delle possibili interferenze.<\/p>\n\n\n\n<p>Nonostante i mezzi disponessero gi\u00e0 delle <strong>adeguate tecnologie <\/strong>per viaggiare sicuri anche senza la modalit\u00e0 aereo attiva, ad oggi \u00e8 sempre stato vietato l\u2019utilizzo di dispositivi elettronici a causa delle <strong>possibili interferenze <\/strong>con le strumentazioni di bordo. Possiamo definire questo comportamento tenuto negli anni \u201c<strong>un eccesso di prudenza<\/strong>\u201d in particolare durante l\u2019era 3G e 4G, ma lo stesso vale per la rete 5G.<\/p>\n\n\n\n<p>In questo caso lo spettro di larghezza di banda della rete \u00e8 pi\u00f9 simile a quella riservata all&#8217;aviazione e la\u00a0NASA\u00a0(che in un database registra tutti gli episodi di interferenze in volo legate a passeggeri indisciplinati) ha segnalato un aumento dei casi con l&#8217;introduzione della tecnologia pi\u00f9 recente.<\/p>\n\n\n\n<p>Facendo riferimento alle indicazioni della societ\u00e0 di consulenza danese Strand, \u00e8 un problema facilmente risolvibile, occorre \u2013 e in Europa ci si sta gi\u00e0 muovendo per farlo \u2013<strong> regolamentare gli altimetri<\/strong>, nonch\u00e9 la strumentazione pi\u00f9 vulnerabile a questo tipo di interferenze, e con una spesa sostenibile soprattutto a fronte dell&#8217;investimento complessivo di 94 milioni di euro fatto degli operatori per ottenere le frequenze 5G. <br><br>Al via i test! Siamo pronti per addentrarci in questa nuova frontiera.<\/p>\n\n\n\n<h4 class=\"wp-block-heading\"><strong>Prenota in anticipo il tuo parcheggio aeroporto di Treviso e Venezia, basta un click!<\/strong><\/h4>\n\n\n\n<p><br>Prenotare il parcheggio aeroporto di Treviso e Venezia in anticipo non \u00e8 mai stato cos\u00ec facile e veloce.<br>Dalla <strong>sezione \u201cPrenota\u201d<\/strong> sul nostro sito, ti baster\u00e0 inserire le date di <strong>check-in e check-out <\/strong>e selezionare il tipo di servizio che meglio si adatta alle tue esigenze.<br><br>Se sei abituato a prenotare i tuoi viaggi con largo anticipo, \u00e8 gi\u00e0 attiva la <strong>promo Autunno 23 <\/strong>e approfitta del <strong>25% di sconto<\/strong>.<\/p>\n\n\n\n<p>La promozione \u00e8 valida dal<strong> 23 Settembre al 22 Dicembre&nbsp;2023<\/strong>, salvo festivit\u00e0,&nbsp;inserendo nel&nbsp;codice convenzione&nbsp;<strong>AUTUNNO23<\/strong>.<\/p>\n\n\n\n<p>La scontistica applicata sar\u00e0&nbsp;del 25%,&nbsp;comprender\u00e0 il <strong>Parcheggio aeroporto Venezia e Parcheggio aeroporto Treviso<\/strong> e tutti i servizi acquistati oltre alla sosta.<\/p>\n\n\n\n<p>La percentuale complessiva di sconto viene fornita completando l&#8217;acquisto con il <strong>pagamento ONLINE<\/strong>.<br>La promozione \u00e8 valida per i <strong>Parcheggi di Venezia e Treviso Aeroporto<\/strong>.<br><br><strong>Parcheggia&nbsp;con un Click<\/strong>,&nbsp;riservati questi<strong> sconti che solo PARK GOLD<\/strong> ti pu\u00f2 Regalare.<\/p>\n\n\n\n<p>L&#8217;offerta \u00e8 valida SOLO per le prime <strong>2500 Prenotazioni<\/strong>.<br>Non aspettare, prenota subito!<\/p>\n\n\n\n<h4 class=\"wp-block-heading\">Park Gold Venezia ti riserva il posto d\u2019onore<\/h4>\n\n\n\n<p>Prenota il tuo volo e al<strong> parcheggio aeroporto Venezia<\/strong> ci pensiamo noi!<br>Da ParkGold trovi la soluzione ideale per la tua auto per prenotare il <strong>parcheggio aeroporto Venezia.<\/strong><\/p>\n\n\n\n<p><strong>Park Gold Venezia<\/strong> ti offre le <strong>tariffe pi\u00f9 vantaggiose<\/strong>, con un servizio navetta personalizzato, ininterrotto e gratuito con trasferimento immediato al check-in e ritiro a chiamata al rientro.<\/p>\n\n\n\n<p>Tutti i nostri parcheggi e le strutture sono custoditi e monitorati <strong>24 ore su 24<\/strong>, 7 giorni su 7.<br><a href=\"https:\/\/www.parkgold.it\/\">Park Gold<\/a>, parcheggio<strong> low cost Venezia<\/strong> e <strong>Treviso<\/strong>, ti fa sentire come un passeggero di prima classe anche prima e dopo il volo!<\/p>\n","protected":false},"excerpt":{"rendered":"<p>Via libera da parte della Commissione Europea all\u2019utilizzo di dispositivi dotati di connessione ad internet durante il volo. Dimenticate&#8230;<\/p>\n","protected":false},"author":1,"featured_media":1341,"comment_status":"open","ping_status":"open","sticky":false,"template":"","format":"standard","meta":{"_kadence_starter_templates_imported_post":true,"_kad_post_transparent":"","_kad_post_title":"","_kad_post_layout":"","_kad_post_sidebar_id":"","_kad_post_content_style":"","_kad_post_vertical_padding":"","_kad_post_feature":"","_kad_post_feature_position":"","_kad_post_header":false,"_kad_post_footer":false,"footnotes":""},"categories":[32],"tags":[],"class_list":["post-1339","post","type-post","status-publish","format-standard","has-post-thumbnail","hentry","category-news"],"yoast_head":"<!-- This site is optimized with the Yoast SEO plugin v24.6 - https:\/\/yoast.com\/wordpress\/plugins\/seo\/ -->\n<title>Addio modalit\u00e0 aereo!<\/title>\n<meta name=\"description\" content=\"Via libera da parte della Commissione Europea all\u2019utilizzo di dispositivi dotati di connessione ad internet durante il volo. Dimenticate la \u201cmodalit\u00e0 aereo\u201d .. o quasi.\" \/>\n<meta name=\"robots\" content=\"index, follow, max-snippet:-1, max-image-preview:large, max-video-preview:-1\" \/>\n<link rel=\"canonical\" href=\"https:\/\/www.parkgold.it\/news\/addio-modalita-aereo\/\" \/>\n<meta property=\"og:locale\" content=\"it_IT\" \/>\n<meta property=\"og:type\" content=\"article\" \/>\n<meta property=\"og:title\" content=\"Addio modalit\u00e0 aereo!\" \/>\n<meta property=\"og:description\" content=\"Via libera da parte della Commissione Europea all\u2019utilizzo di dispositivi dotati di connessione ad internet durante il volo. Dimenticate la \u201cmodalit\u00e0 aereo\u201d .. o quasi.\" \/>\n<meta property=\"og:url\" content=\"https:\/\/www.parkgold.it\/news\/addio-modalita-aereo\/\" \/>\n<meta property=\"og:site_name\" content=\"Park Gold\u00ae News\" \/>\n<meta property=\"article:published_time\" content=\"2023-05-25T12:28:38+00:00\" \/>\n<meta property=\"article:modified_time\" content=\"2023-05-25T12:40:23+00:00\" \/>\n<meta property=\"og:image\" content=\"https:\/\/www.parkgold.it\/news\/wp-content\/uploads\/2023\/05\/pexels-skitterphoto-442419-scaled.jpg\" \/>\n\t<meta property=\"og:image:width\" content=\"2560\" \/>\n\t<meta property=\"og:image:height\" content=\"1622\" \/>\n\t<meta property=\"og:image:type\" content=\"image\/jpeg\" \/>\n<meta name=\"author\" content=\"sviluppati_master\" \/>\n<meta name=\"twitter:card\" content=\"summary_large_image\" \/>\n<meta name=\"twitter:label1\" content=\"Scritto da\" \/>\n\t<meta name=\"twitter:data1\" content=\"sviluppati_master\" \/>\n\t<meta name=\"twitter:label2\" content=\"Tempo di lettura stimato\" \/>\n\t<meta name=\"twitter:data2\" content=\"5 minuti\" \/>\n<script type=\"application\/ld+json\" class=\"yoast-schema-graph\">{\"@context\":\"https:\/\/schema.org\",\"@graph\":[{\"@type\":\"Article\",\"@id\":\"https:\/\/www.parkgold.it\/news\/addio-modalita-aereo\/#article\",\"isPartOf\":{\"@id\":\"https:\/\/www.parkgold.it\/news\/addio-modalita-aereo\/\"},\"author\":{\"name\":\"sviluppati_master\",\"@id\":\"https:\/\/www.parkgold.it\/news\/#\/schema\/person\/9227cf567f8e04a8bf9a7ae47ac54036\"},\"headline\":\"Addio modalit\u00e0 aereo!\",\"datePublished\":\"2023-05-25T12:28:38+00:00\",\"dateModified\":\"2023-05-25T12:40:23+00:00\",\"mainEntityOfPage\":{\"@id\":\"https:\/\/www.parkgold.it\/news\/addio-modalita-aereo\/\"},\"wordCount\":822,\"commentCount\":0,\"publisher\":{\"@id\":\"https:\/\/www.parkgold.it\/news\/#organization\"},\"image\":{\"@id\":\"https:\/\/www.parkgold.it\/news\/addio-modalita-aereo\/#primaryimage\"},\"thumbnailUrl\":\"https:\/\/www.parkgold.it\/news\/wp-content\/uploads\/2023\/05\/pexels-skitterphoto-442419-scaled.jpg\",\"articleSection\":[\"News\"],\"inLanguage\":\"it-IT\",\"potentialAction\":[{\"@type\":\"CommentAction\",\"name\":\"Comment\",\"target\":[\"https:\/\/www.parkgold.it\/news\/addio-modalita-aereo\/#respond\"]}]},{\"@type\":\"WebPage\",\"@id\":\"https:\/\/www.parkgold.it\/news\/addio-modalita-aereo\/\",\"url\":\"https:\/\/www.parkgold.it\/news\/addio-modalita-aereo\/\",\"name\":\"Addio modalit\u00e0 aereo!\",\"isPartOf\":{\"@id\":\"https:\/\/www.parkgold.it\/news\/#website\"},\"primaryImageOfPage\":{\"@id\":\"https:\/\/www.parkgold.it\/news\/addio-modalita-aereo\/#primaryimage\"},\"image\":{\"@id\":\"https:\/\/www.parkgold.it\/news\/addio-modalita-aereo\/#primaryimage\"},\"thumbnailUrl\":\"https:\/\/www.parkgold.it\/news\/wp-content\/uploads\/2023\/05\/pexels-skitterphoto-442419-scaled.jpg\",\"datePublished\":\"2023-05-25T12:28:38+00:00\",\"dateModified\":\"2023-05-25T12:40:23+00:00\",\"description\":\"Via libera da parte della Commissione Europea all\u2019utilizzo di dispositivi dotati di connessione ad internet durante il volo. Dimenticate la \u201cmodalit\u00e0 aereo\u201d .. o quasi.\",\"breadcrumb\":{\"@id\":\"https:\/\/www.parkgold.it\/news\/addio-modalita-aereo\/#breadcrumb\"},\"inLanguage\":\"it-IT\",\"potentialAction\":[{\"@type\":\"ReadAction\",\"target\":[\"https:\/\/www.parkgold.it\/news\/addio-modalita-aereo\/\"]}]},{\"@type\":\"ImageObject\",\"inLanguage\":\"it-IT\",\"@id\":\"https:\/\/www.parkgold.it\/news\/addio-modalita-aereo\/#primaryimage\",\"url\":\"https:\/\/www.parkgold.it\/news\/wp-content\/uploads\/2023\/05\/pexels-skitterphoto-442419-scaled.jpg\",\"contentUrl\":\"https:\/\/www.parkgold.it\/news\/wp-content\/uploads\/2023\/05\/pexels-skitterphoto-442419-scaled.jpg\",\"width\":2560,\"height\":1622,\"caption\":\"modalit\u00e0 aereo\"},{\"@type\":\"BreadcrumbList\",\"@id\":\"https:\/\/www.parkgold.it\/news\/addio-modalita-aereo\/#breadcrumb\",\"itemListElement\":[{\"@type\":\"ListItem\",\"position\":1,\"name\":\"Home\",\"item\":\"https:\/\/www.parkgold.it\/news\/\"},{\"@type\":\"ListItem\",\"position\":2,\"name\":\"Addio modalit\u00e0 aereo!\"}]},{\"@type\":\"WebSite\",\"@id\":\"https:\/\/www.parkgold.it\/news\/#website\",\"url\":\"https:\/\/www.parkgold.it\/news\/\",\"name\":\"Park Gold\u00ae News\",\"description\":\"\",\"publisher\":{\"@id\":\"https:\/\/www.parkgold.it\/news\/#organization\"},\"potentialAction\":[{\"@type\":\"SearchAction\",\"target\":{\"@type\":\"EntryPoint\",\"urlTemplate\":\"https:\/\/www.parkgold.it\/news\/?s={search_term_string}\"},\"query-input\":{\"@type\":\"PropertyValueSpecification\",\"valueRequired\":true,\"valueName\":\"search_term_string\"}}],\"inLanguage\":\"it-IT\"},{\"@type\":\"Organization\",\"@id\":\"https:\/\/www.parkgold.it\/news\/#organization\",\"name\":\"Park Gold\u00ae News\",\"url\":\"https:\/\/www.parkgold.it\/news\/\",\"logo\":{\"@type\":\"ImageObject\",\"inLanguage\":\"it-IT\",\"@id\":\"https:\/\/www.parkgold.it\/news\/#\/schema\/logo\/image\/\",\"url\":\"https:\/\/www.parkgold.it\/news\/wp-content\/uploads\/2023\/02\/logo-park-gold.png\",\"contentUrl\":\"https:\/\/www.parkgold.it\/news\/wp-content\/uploads\/2023\/02\/logo-park-gold.png\",\"width\":1012,\"height\":430,\"caption\":\"Park Gold\u00ae News\"},\"image\":{\"@id\":\"https:\/\/www.parkgold.it\/news\/#\/schema\/logo\/image\/\"}},{\"@type\":\"Person\",\"@id\":\"https:\/\/www.parkgold.it\/news\/#\/schema\/person\/9227cf567f8e04a8bf9a7ae47ac54036\",\"name\":\"sviluppati_master\",\"image\":{\"@type\":\"ImageObject\",\"inLanguage\":\"it-IT\",\"@id\":\"https:\/\/www.parkgold.it\/news\/#\/schema\/person\/image\/\",\"url\":\"https:\/\/secure.gravatar.com\/avatar\/879847fcee719d1da1831d74279f9460a6ae3624a51bb6ead8e9e709aa72e075?s=96&d=mm&r=g\",\"contentUrl\":\"https:\/\/secure.gravatar.com\/avatar\/879847fcee719d1da1831d74279f9460a6ae3624a51bb6ead8e9e709aa72e075?s=96&d=mm&r=g\",\"caption\":\"sviluppati_master\"},\"sameAs\":[\"https:\/\/www.parkgold.it\/news\"]}]}<\/script>\n<!-- \/ Yoast SEO plugin. -->","yoast_head_json":{"title":"Addio modalit\u00e0 aereo!","description":"Via libera da parte della Commissione Europea all\u2019utilizzo di dispositivi dotati di connessione ad internet durante il volo. Dimenticate la \u201cmodalit\u00e0 aereo\u201d .. o quasi.","robots":{"index":"index","follow":"follow","max-snippet":"max-snippet:-1","max-image-preview":"max-image-preview:large","max-video-preview":"max-video-preview:-1"},"canonical":"https:\/\/www.parkgold.it\/news\/addio-modalita-aereo\/","og_locale":"it_IT","og_type":"article","og_title":"Addio modalit\u00e0 aereo!","og_description":"Via libera da parte della Commissione Europea all\u2019utilizzo di dispositivi dotati di connessione ad internet durante il volo. Dimenticate la \u201cmodalit\u00e0 aereo\u201d .. o quasi.","og_url":"https:\/\/www.parkgold.it\/news\/addio-modalita-aereo\/","og_site_name":"Park Gold\u00ae News","article_published_time":"2023-05-25T12:28:38+00:00","article_modified_time":"2023-05-25T12:40:23+00:00","og_image":[{"width":2560,"height":1622,"url":"https:\/\/www.parkgold.it\/news\/wp-content\/uploads\/2023\/05\/pexels-skitterphoto-442419-scaled.jpg","type":"image\/jpeg"}],"author":"sviluppati_master","twitter_card":"summary_large_image","twitter_misc":{"Scritto da":"sviluppati_master","Tempo di lettura stimato":"5 minuti"},"schema":{"@context":"https:\/\/schema.org","@graph":[{"@type":"Article","@id":"https:\/\/www.parkgold.it\/news\/addio-modalita-aereo\/#article","isPartOf":{"@id":"https:\/\/www.parkgold.it\/news\/addio-modalita-aereo\/"},"author":{"name":"sviluppati_master","@id":"https:\/\/www.parkgold.it\/news\/#\/schema\/person\/9227cf567f8e04a8bf9a7ae47ac54036"},"headline":"Addio modalit\u00e0 aereo!","datePublished":"2023-05-25T12:28:38+00:00","dateModified":"2023-05-25T12:40:23+00:00","mainEntityOfPage":{"@id":"https:\/\/www.parkgold.it\/news\/addio-modalita-aereo\/"},"wordCount":822,"commentCount":0,"publisher":{"@id":"https:\/\/www.parkgold.it\/news\/#organization"},"image":{"@id":"https:\/\/www.parkgold.it\/news\/addio-modalita-aereo\/#primaryimage"},"thumbnailUrl":"https:\/\/www.parkgold.it\/news\/wp-content\/uploads\/2023\/05\/pexels-skitterphoto-442419-scaled.jpg","articleSection":["News"],"inLanguage":"it-IT","potentialAction":[{"@type":"CommentAction","name":"Comment","target":["https:\/\/www.parkgold.it\/news\/addio-modalita-aereo\/#respond"]}]},{"@type":"WebPage","@id":"https:\/\/www.parkgold.it\/news\/addio-modalita-aereo\/","url":"https:\/\/www.parkgold.it\/news\/addio-modalita-aereo\/","name":"Addio modalit\u00e0 aereo!","isPartOf":{"@id":"https:\/\/www.parkgold.it\/news\/#website"},"primaryImageOfPage":{"@id":"https:\/\/www.parkgold.it\/news\/addio-modalita-aereo\/#primaryimage"},"image":{"@id":"https:\/\/www.parkgold.it\/news\/addio-modalita-aereo\/#primaryimage"},"thumbnailUrl":"https:\/\/www.parkgold.it\/news\/wp-content\/uploads\/2023\/05\/pexels-skitterphoto-442419-scaled.jpg","datePublished":"2023-05-25T12:28:38+00:00","dateModified":"2023-05-25T12:40:23+00:00","description":"Via libera da parte della Commissione Europea all\u2019utilizzo di dispositivi dotati di connessione ad internet durante il volo. Dimenticate la \u201cmodalit\u00e0 aereo\u201d .. o quasi.","breadcrumb":{"@id":"https:\/\/www.parkgold.it\/news\/addio-modalita-aereo\/#breadcrumb"},"inLanguage":"it-IT","potentialAction":[{"@type":"ReadAction","target":["https:\/\/www.parkgold.it\/news\/addio-modalita-aereo\/"]}]},{"@type":"ImageObject","inLanguage":"it-IT","@id":"https:\/\/www.parkgold.it\/news\/addio-modalita-aereo\/#primaryimage","url":"https:\/\/www.parkgold.it\/news\/wp-content\/uploads\/2023\/05\/pexels-skitterphoto-442419-scaled.jpg","contentUrl":"https:\/\/www.parkgold.it\/news\/wp-content\/uploads\/2023\/05\/pexels-skitterphoto-442419-scaled.jpg","width":2560,"height":1622,"caption":"modalit\u00e0 aereo"},{"@type":"BreadcrumbList","@id":"https:\/\/www.parkgold.it\/news\/addio-modalita-aereo\/#breadcrumb","itemListElement":[{"@type":"ListItem","position":1,"name":"Home","item":"https:\/\/www.parkgold.it\/news\/"},{"@type":"ListItem","position":2,"name":"Addio modalit\u00e0 aereo!"}]},{"@type":"WebSite","@id":"https:\/\/www.parkgold.it\/news\/#website","url":"https:\/\/www.parkgold.it\/news\/","name":"Park Gold\u00ae News","description":"","publisher":{"@id":"https:\/\/www.parkgold.it\/news\/#organization"},"potentialAction":[{"@type":"SearchAction","target":{"@type":"EntryPoint","urlTemplate":"https:\/\/www.parkgold.it\/news\/?s={search_term_string}"},"query-input":{"@type":"PropertyValueSpecification","valueRequired":true,"valueName":"search_term_string"}}],"inLanguage":"it-IT"},{"@type":"Organization","@id":"https:\/\/www.parkgold.it\/news\/#organization","name":"Park Gold\u00ae News","url":"https:\/\/www.parkgold.it\/news\/","logo":{"@type":"ImageObject","inLanguage":"it-IT","@id":"https:\/\/www.parkgold.it\/news\/#\/schema\/logo\/image\/","url":"https:\/\/www.parkgold.it\/news\/wp-content\/uploads\/2023\/02\/logo-park-gold.png","contentUrl":"https:\/\/www.parkgold.it\/news\/wp-content\/uploads\/2023\/02\/logo-park-gold.png","width":1012,"height":430,"caption":"Park Gold\u00ae News"},"image":{"@id":"https:\/\/www.parkgold.it\/news\/#\/schema\/logo\/image\/"}},{"@type":"Person","@id":"https:\/\/www.parkgold.it\/news\/#\/schema\/person\/9227cf567f8e04a8bf9a7ae47ac54036","name":"sviluppati_master","image":{"@type":"ImageObject","inLanguage":"it-IT","@id":"https:\/\/www.parkgold.it\/news\/#\/schema\/person\/image\/","url":"https:\/\/secure.gravatar.com\/avatar\/879847fcee719d1da1831d74279f9460a6ae3624a51bb6ead8e9e709aa72e075?s=96&d=mm&r=g","contentUrl":"https:\/\/secure.gravatar.com\/avatar\/879847fcee719d1da1831d74279f9460a6ae3624a51bb6ead8e9e709aa72e075?s=96&d=mm&r=g","caption":"sviluppati_master"},"sameAs":["https:\/\/www.parkgold.it\/news"]}]}},"_links":{"self":[{"href":"https:\/\/www.parkgold.it\/news\/wp-json\/wp\/v2\/posts\/1339","targetHints":{"allow":["GET"]}}],"collection":[{"href":"https:\/\/www.parkgold.it\/news\/wp-json\/wp\/v2\/posts"}],"about":[{"href":"https:\/\/www.parkgold.it\/news\/wp-json\/wp\/v2\/types\/post"}],"author":[{"embeddable":true,"href":"https:\/\/www.parkgold.it\/news\/wp-json\/wp\/v2\/users\/1"}],"replies":[{"embeddable":true,"href":"https:\/\/www.parkgold.it\/news\/wp-json\/wp\/v2\/comments?post=1339"}],"version-history":[{"count":2,"href":"https:\/\/www.parkgold.it\/news\/wp-json\/wp\/v2\/posts\/1339\/revisions"}],"predecessor-version":[{"id":1342,"href":"https:\/\/www.parkgold.it\/news\/wp-json\/wp\/v2\/posts\/1339\/revisions\/1342"}],"wp:featuredmedia":[{"embeddable":true,"href":"https:\/\/www.parkgold.it\/news\/wp-json\/wp\/v2\/media\/1341"}],"wp:attachment":[{"href":"https:\/\/www.parkgold.it\/news\/wp-json\/wp\/v2\/media?parent=1339"}],"wp:term":[{"taxonomy":"category","embeddable":true,"href":"https:\/\/www.parkgold.it\/news\/wp-json\/wp\/v2\/categories?post=1339"},{"taxonomy":"post_tag","embeddable":true,"href":"https:\/\/www.parkgold.it\/news\/wp-json\/wp\/v2\/tags?post=1339"}],"curies":[{"name":"wp","href":"https:\/\/api.w.org\/{rel}","templated":true}]}}