{"id":1398,"date":"2023-10-31T14:11:01","date_gmt":"2023-10-31T13:11:01","guid":{"rendered":"https:\/\/www.parkgold.it\/news\/?p=1398"},"modified":"2023-10-31T14:23:48","modified_gmt":"2023-10-31T13:23:48","slug":"nuova-apertura-park-gold-parcheggio-aeroporto-bergamo-orio-al-serio","status":"publish","type":"post","link":"https:\/\/www.parkgold.it\/news\/nuova-apertura-park-gold-parcheggio-aeroporto-bergamo-orio-al-serio\/","title":{"rendered":"Nuova apertura Park Gold: Parcheggio Aeroporto Bergamo Orio Al Serio"},"content":{"rendered":"\n<p>Siamo lieti di annunciare l&#8217;apertura del<strong> parcheggio Aeroporto Bergamo Orio Al Serio<\/strong>. Il nostro obiettivo in Park Gold \u00e8 sempre quello di migliorare e espandere i nostri servizi per garantire ai viaggiatori un<strong> parcheggio conveniente e di fiducia<\/strong>.<\/p>\n\n\n\n<p>Il parcheggio Aeroporto Bergamo Orio Al Serio si aggiunge alle <strong>presenti e operative strutture<\/strong> di:<br>&#8211; Venezia Parco Polo<br>&#8211; Treviso<br>&#8211; Mestre<br>&#8211; Roma Fiumicino<\/p>\n\n\n\n<p>Il nostro nuovo parcheggio \u00e8 progettato per rendere il vostro <strong>viaggio pi\u00f9 comodo e senza pensieri<\/strong>. Ecco alcune delle ragioni per cui dovreste considerare di scegliere il parcheggio Aeroporto Bergamo Orio Al Serio per il vostro prossimo viaggio:<\/p>\n\n\n\n<h4 class=\"wp-block-heading\">1. VICINANZA E COMODITA&#8217;<\/h4>\n\n\n\n<p>Il nostro parcheggio offre <strong>posti al coperto <\/strong>ed \u00e8 situato in prossimit\u00e0 <strong>dall&#8217;Aeroporto di Bergamo Orio Al Serio<\/strong>, consentendo un facile e veloce accesso al terminal.<\/p>\n\n\n\n<h4 class=\"wp-block-heading\">2. <strong>SICUREZZA H24<\/strong><\/h4>\n\n\n\n<p>La sicurezza dei vostri veicoli \u00e8 la nostra priorit\u00e0. Il parcheggio \u00e8 dotato di <strong>sistemi di sicurezza avanzati<\/strong>, sorveglianza costante e personale altamente qualificato per garantire che il vostro veicolo sia al sicuro durante la vostra assenza.<\/p>\n\n\n\n<h4 class=\"wp-block-heading\">3. <strong>TARIFFE <\/strong>VANTAGGIOSE<\/h4>\n\n\n\n<p>Sappiamo quanto i costi possano incidere sul vostro viaggio. Offriamo <strong>tariffe competitive e offerte speciali<\/strong> per rendere il parcheggio conveniente per tutti i tipi di viaggiatori.<\/p>\n\n\n\n<h4 class=\"wp-block-heading\">4. <strong><strong>PRENOTAZIONE RAPIDA<\/strong><\/strong><\/h4>\n\n\n\n<p><strong>Prenotare<\/strong> il vostro posto nel nostro parcheggio \u00e8 <strong>rapido e semplice<\/strong>. Basta visitare il nostro sito web o contattarci direttamente per prenotare il vostro spazio.<\/p>\n\n\n\n<h4 class=\"wp-block-heading\">5. <strong><strong><strong>SERVIZIO NAVETTA INCLUSO <\/strong><\/strong><\/strong><\/h4>\n\n\n\n<p>Per rendere il vostro viaggio ancora pi\u00f9 agevole, offriamo un <strong>servizio navetta puntuale<\/strong> che vi porter\u00e0 direttamente al terminal dell&#8217;Aeroporto e vi riaccompagner\u00e0 al parcheggio al vostro ritorno.<\/p>\n\n\n\n<h4 class=\"wp-block-heading\">5. <strong><strong><strong>CAR VALET <\/strong><\/strong><\/strong><\/h4>\n\n\n\n<p>Offriamo Car Valet, un servizio che consente la <strong>presa in consegna della Tua auto<\/strong> da parte di un nostro operatore <strong>direttamente in Aeroporto<\/strong> o nelle nostre destinazioni convenzionate. &nbsp;E&#8217; possibile  utilizzare il servizio di Car Valet anche per la riconsegna.<\/p>\n\n\n\n<h4 class=\"wp-block-heading\">6. <strong><strong>VIENI A PRENDERMI<strong> <\/strong><\/strong><\/strong><\/h4>\n\n\n\n<p>Un servizio a disposizione che consente ai nostri clienti di avvertirci non appena scesi dall&#8217;aereo cos\u00ec da far trovare il nostro <strong>personale pronto ad aspettarli<\/strong>.<\/p>\n\n\n\n<p>Nei locali interni del&nbsp;<strong>Parcheggio Aeroporto Bergamo Orio Al Serio<\/strong>&nbsp;sono presenti, inoltre, <strong>servizi extra&nbsp;<\/strong>che puoi scegliere con la sosta vettura come: il servizio di avvolgimento e protezione dei bagagli per non rovinare e smarrire la tua valigia, Autolavaggio City Car, Station, berline e fuoristrada e non per ultimo anche servizi di officina.<\/p>\n\n\n\n<p>Siamo entusiasti di questa <strong>nuova apertura all&#8217;Aeroporto di Bergamo Orio Al Serio<\/strong> e di servire la comunit\u00e0 di viaggiatori. Siamo certi che la nostra dedizione alla comodit\u00e0, alla sicurezza e alle tariffe convenienti render\u00e0 il vostro viaggio un&#8217;<strong>esperienza senza preoccupazioni<\/strong>.<\/p>\n\n\n\n<p>Per prenotare il vostro posto nel nostro parcheggio Aeroporto di Bergamo Orio Al Serio, visitate il nostro sito web o contattateci oggi stesso. <strong>Non vediamo l&#8217;ora di darvi il benvenuto<\/strong> nel nostro parcheggio e di contribuire a rendere il vostro prossimo viaggio un successo. Grazie per la vostra fiducia in ParkGold.<\/p>\n\n\n<div class=\"wp-block-image\">\n<figure class=\"aligncenter size-full is-resized\"><img loading=\"lazy\" decoding=\"async\" width=\"680\" height=\"510\" src=\"https:\/\/www.parkgold.it\/news\/wp-content\/uploads\/2023\/10\/img-parcheggio-low-cost-bergamo-orio-al-serio.jpg\" alt=\"Parcheggio Aeroporto Bergamo Orio Al Serio - Park Gold\" class=\"wp-image-1403\" style=\"aspect-ratio:1.780104712041885;width:838px;height:auto\" srcset=\"https:\/\/www.parkgold.it\/news\/wp-content\/uploads\/2023\/10\/img-parcheggio-low-cost-bergamo-orio-al-serio.jpg 680w, https:\/\/www.parkgold.it\/news\/wp-content\/uploads\/2023\/10\/img-parcheggio-low-cost-bergamo-orio-al-serio-300x225.jpg 300w\" sizes=\"auto, (max-width: 680px) 100vw, 680px\" \/><\/figure>\n<\/div>","protected":false},"excerpt":{"rendered":"<p>Siamo lieti di annunciare l&#8217;apertura del parcheggio Aeroporto Bergamo Orio Al Serio. Il nostro obiettivo in Park Gold \u00e8&#8230;<\/p>\n","protected":false},"author":1,"featured_media":1402,"comment_status":"open","ping_status":"open","sticky":false,"template":"","format":"standard","meta":{"_kadence_starter_templates_imported_post":true,"_kad_post_transparent":"","_kad_post_title":"","_kad_post_layout":"","_kad_post_sidebar_id":"","_kad_post_content_style":"","_kad_post_vertical_padding":"","_kad_post_feature":"","_kad_post_feature_position":"","_kad_post_header":false,"_kad_post_footer":false,"footnotes":""},"categories":[32],"tags":[],"class_list":["post-1398","post","type-post","status-publish","format-standard","has-post-thumbnail","hentry","category-news"],"yoast_head":"<!-- This site is optimized with the Yoast SEO plugin v24.6 - https:\/\/yoast.com\/wordpress\/plugins\/seo\/ -->\n<title>Nuova apertura Park Gold: Parcheggio Aeroporto Bergamo Orio Al Serio<\/title>\n<meta name=\"description\" content=\"Nuova apertura Park Gold: Parcheggio Aeroporto Bergamo Orio Al Serio. Noi di ParkGold ci impegniamo a rendere il viaggio pi\u00f9 comodo\" \/>\n<meta name=\"robots\" content=\"index, follow, max-snippet:-1, max-image-preview:large, max-video-preview:-1\" \/>\n<link rel=\"canonical\" href=\"https:\/\/www.parkgold.it\/news\/nuova-apertura-park-gold-parcheggio-aeroporto-bergamo-orio-al-serio\/\" \/>\n<meta property=\"og:locale\" content=\"it_IT\" \/>\n<meta property=\"og:type\" content=\"article\" \/>\n<meta property=\"og:title\" content=\"Nuova apertura Park Gold: Parcheggio Aeroporto Bergamo Orio Al Serio\" \/>\n<meta property=\"og:description\" content=\"Nuova apertura Park Gold: Parcheggio Aeroporto Bergamo Orio Al Serio. Noi di ParkGold ci impegniamo a rendere il viaggio pi\u00f9 comodo\" \/>\n<meta property=\"og:url\" content=\"https:\/\/www.parkgold.it\/news\/nuova-apertura-park-gold-parcheggio-aeroporto-bergamo-orio-al-serio\/\" \/>\n<meta property=\"og:site_name\" content=\"Park Gold\u00ae News\" \/>\n<meta property=\"article:published_time\" content=\"2023-10-31T13:11:01+00:00\" \/>\n<meta property=\"article:modified_time\" content=\"2023-10-31T13:23:48+00:00\" \/>\n<meta property=\"og:image\" content=\"https:\/\/www.parkgold.it\/news\/wp-content\/uploads\/2023\/10\/img-parcheggio-bergamo-orio-al-serio2.jpg\" \/>\n\t<meta property=\"og:image:width\" content=\"1110\" \/>\n\t<meta property=\"og:image:height\" content=\"624\" \/>\n\t<meta property=\"og:image:type\" content=\"image\/jpeg\" \/>\n<meta name=\"author\" content=\"sviluppati_master\" \/>\n<meta name=\"twitter:card\" content=\"summary_large_image\" \/>\n<meta name=\"twitter:label1\" content=\"Scritto da\" \/>\n\t<meta name=\"twitter:data1\" content=\"sviluppati_master\" \/>\n\t<meta name=\"twitter:label2\" content=\"Tempo di lettura stimato\" \/>\n\t<meta name=\"twitter:data2\" content=\"3 minuti\" \/>\n<script type=\"application\/ld+json\" class=\"yoast-schema-graph\">{\"@context\":\"https:\/\/schema.org\",\"@graph\":[{\"@type\":\"Article\",\"@id\":\"https:\/\/www.parkgold.it\/news\/nuova-apertura-park-gold-parcheggio-aeroporto-bergamo-orio-al-serio\/#article\",\"isPartOf\":{\"@id\":\"https:\/\/www.parkgold.it\/news\/nuova-apertura-park-gold-parcheggio-aeroporto-bergamo-orio-al-serio\/\"},\"author\":{\"name\":\"sviluppati_master\",\"@id\":\"https:\/\/www.parkgold.it\/news\/#\/schema\/person\/9227cf567f8e04a8bf9a7ae47ac54036\"},\"headline\":\"Nuova apertura Park Gold: Parcheggio Aeroporto Bergamo Orio Al Serio\",\"datePublished\":\"2023-10-31T13:11:01+00:00\",\"dateModified\":\"2023-10-31T13:23:48+00:00\",\"mainEntityOfPage\":{\"@id\":\"https:\/\/www.parkgold.it\/news\/nuova-apertura-park-gold-parcheggio-aeroporto-bergamo-orio-al-serio\/\"},\"wordCount\":476,\"commentCount\":0,\"publisher\":{\"@id\":\"https:\/\/www.parkgold.it\/news\/#organization\"},\"image\":{\"@id\":\"https:\/\/www.parkgold.it\/news\/nuova-apertura-park-gold-parcheggio-aeroporto-bergamo-orio-al-serio\/#primaryimage\"},\"thumbnailUrl\":\"https:\/\/www.parkgold.it\/news\/wp-content\/uploads\/2023\/10\/img-parcheggio-bergamo-orio-al-serio2.jpg\",\"articleSection\":[\"News\"],\"inLanguage\":\"it-IT\",\"potentialAction\":[{\"@type\":\"CommentAction\",\"name\":\"Comment\",\"target\":[\"https:\/\/www.parkgold.it\/news\/nuova-apertura-park-gold-parcheggio-aeroporto-bergamo-orio-al-serio\/#respond\"]}]},{\"@type\":\"WebPage\",\"@id\":\"https:\/\/www.parkgold.it\/news\/nuova-apertura-park-gold-parcheggio-aeroporto-bergamo-orio-al-serio\/\",\"url\":\"https:\/\/www.parkgold.it\/news\/nuova-apertura-park-gold-parcheggio-aeroporto-bergamo-orio-al-serio\/\",\"name\":\"Nuova apertura Park Gold: Parcheggio Aeroporto Bergamo Orio Al Serio\",\"isPartOf\":{\"@id\":\"https:\/\/www.parkgold.it\/news\/#website\"},\"primaryImageOfPage\":{\"@id\":\"https:\/\/www.parkgold.it\/news\/nuova-apertura-park-gold-parcheggio-aeroporto-bergamo-orio-al-serio\/#primaryimage\"},\"image\":{\"@id\":\"https:\/\/www.parkgold.it\/news\/nuova-apertura-park-gold-parcheggio-aeroporto-bergamo-orio-al-serio\/#primaryimage\"},\"thumbnailUrl\":\"https:\/\/www.parkgold.it\/news\/wp-content\/uploads\/2023\/10\/img-parcheggio-bergamo-orio-al-serio2.jpg\",\"datePublished\":\"2023-10-31T13:11:01+00:00\",\"dateModified\":\"2023-10-31T13:23:48+00:00\",\"description\":\"Nuova apertura Park Gold: Parcheggio Aeroporto Bergamo Orio Al Serio. Noi di ParkGold ci impegniamo a rendere il viaggio pi\u00f9 comodo\",\"breadcrumb\":{\"@id\":\"https:\/\/www.parkgold.it\/news\/nuova-apertura-park-gold-parcheggio-aeroporto-bergamo-orio-al-serio\/#breadcrumb\"},\"inLanguage\":\"it-IT\",\"potentialAction\":[{\"@type\":\"ReadAction\",\"target\":[\"https:\/\/www.parkgold.it\/news\/nuova-apertura-park-gold-parcheggio-aeroporto-bergamo-orio-al-serio\/\"]}]},{\"@type\":\"ImageObject\",\"inLanguage\":\"it-IT\",\"@id\":\"https:\/\/www.parkgold.it\/news\/nuova-apertura-park-gold-parcheggio-aeroporto-bergamo-orio-al-serio\/#primaryimage\",\"url\":\"https:\/\/www.parkgold.it\/news\/wp-content\/uploads\/2023\/10\/img-parcheggio-bergamo-orio-al-serio2.jpg\",\"contentUrl\":\"https:\/\/www.parkgold.it\/news\/wp-content\/uploads\/2023\/10\/img-parcheggio-bergamo-orio-al-serio2.jpg\",\"width\":1110,\"height\":624,\"caption\":\"Parcheggio Aeroporto Bergamo Orio Al Serio - Park Gold\"},{\"@type\":\"BreadcrumbList\",\"@id\":\"https:\/\/www.parkgold.it\/news\/nuova-apertura-park-gold-parcheggio-aeroporto-bergamo-orio-al-serio\/#breadcrumb\",\"itemListElement\":[{\"@type\":\"ListItem\",\"position\":1,\"name\":\"Home\",\"item\":\"https:\/\/www.parkgold.it\/news\/\"},{\"@type\":\"ListItem\",\"position\":2,\"name\":\"Nuova apertura Park Gold: Parcheggio Aeroporto Bergamo Orio Al Serio\"}]},{\"@type\":\"WebSite\",\"@id\":\"https:\/\/www.parkgold.it\/news\/#website\",\"url\":\"https:\/\/www.parkgold.it\/news\/\",\"name\":\"Park Gold\u00ae News\",\"description\":\"\",\"publisher\":{\"@id\":\"https:\/\/www.parkgold.it\/news\/#organization\"},\"potentialAction\":[{\"@type\":\"SearchAction\",\"target\":{\"@type\":\"EntryPoint\",\"urlTemplate\":\"https:\/\/www.parkgold.it\/news\/?s={search_term_string}\"},\"query-input\":{\"@type\":\"PropertyValueSpecification\",\"valueRequired\":true,\"valueName\":\"search_term_string\"}}],\"inLanguage\":\"it-IT\"},{\"@type\":\"Organization\",\"@id\":\"https:\/\/www.parkgold.it\/news\/#organization\",\"name\":\"Park Gold\u00ae News\",\"url\":\"https:\/\/www.parkgold.it\/news\/\",\"logo\":{\"@type\":\"ImageObject\",\"inLanguage\":\"it-IT\",\"@id\":\"https:\/\/www.parkgold.it\/news\/#\/schema\/logo\/image\/\",\"url\":\"https:\/\/www.parkgold.it\/news\/wp-content\/uploads\/2023\/02\/logo-park-gold.png\",\"contentUrl\":\"https:\/\/www.parkgold.it\/news\/wp-content\/uploads\/2023\/02\/logo-park-gold.png\",\"width\":1012,\"height\":430,\"caption\":\"Park Gold\u00ae News\"},\"image\":{\"@id\":\"https:\/\/www.parkgold.it\/news\/#\/schema\/logo\/image\/\"}},{\"@type\":\"Person\",\"@id\":\"https:\/\/www.parkgold.it\/news\/#\/schema\/person\/9227cf567f8e04a8bf9a7ae47ac54036\",\"name\":\"sviluppati_master\",\"image\":{\"@type\":\"ImageObject\",\"inLanguage\":\"it-IT\",\"@id\":\"https:\/\/www.parkgold.it\/news\/#\/schema\/person\/image\/\",\"url\":\"https:\/\/secure.gravatar.com\/avatar\/879847fcee719d1da1831d74279f9460a6ae3624a51bb6ead8e9e709aa72e075?s=96&d=mm&r=g\",\"contentUrl\":\"https:\/\/secure.gravatar.com\/avatar\/879847fcee719d1da1831d74279f9460a6ae3624a51bb6ead8e9e709aa72e075?s=96&d=mm&r=g\",\"caption\":\"sviluppati_master\"},\"sameAs\":[\"https:\/\/www.parkgold.it\/news\"]}]}<\/script>\n<!-- \/ Yoast SEO plugin. -->","yoast_head_json":{"title":"Nuova apertura Park Gold: Parcheggio Aeroporto Bergamo Orio Al Serio","description":"Nuova apertura Park Gold: Parcheggio Aeroporto Bergamo Orio Al Serio. Noi di ParkGold ci impegniamo a rendere il viaggio pi\u00f9 comodo","robots":{"index":"index","follow":"follow","max-snippet":"max-snippet:-1","max-image-preview":"max-image-preview:large","max-video-preview":"max-video-preview:-1"},"canonical":"https:\/\/www.parkgold.it\/news\/nuova-apertura-park-gold-parcheggio-aeroporto-bergamo-orio-al-serio\/","og_locale":"it_IT","og_type":"article","og_title":"Nuova apertura Park Gold: Parcheggio Aeroporto Bergamo Orio Al Serio","og_description":"Nuova apertura Park Gold: Parcheggio Aeroporto Bergamo Orio Al Serio. Noi di ParkGold ci impegniamo a rendere il viaggio pi\u00f9 comodo","og_url":"https:\/\/www.parkgold.it\/news\/nuova-apertura-park-gold-parcheggio-aeroporto-bergamo-orio-al-serio\/","og_site_name":"Park Gold\u00ae News","article_published_time":"2023-10-31T13:11:01+00:00","article_modified_time":"2023-10-31T13:23:48+00:00","og_image":[{"width":1110,"height":624,"url":"https:\/\/www.parkgold.it\/news\/wp-content\/uploads\/2023\/10\/img-parcheggio-bergamo-orio-al-serio2.jpg","type":"image\/jpeg"}],"author":"sviluppati_master","twitter_card":"summary_large_image","twitter_misc":{"Scritto da":"sviluppati_master","Tempo di lettura stimato":"3 minuti"},"schema":{"@context":"https:\/\/schema.org","@graph":[{"@type":"Article","@id":"https:\/\/www.parkgold.it\/news\/nuova-apertura-park-gold-parcheggio-aeroporto-bergamo-orio-al-serio\/#article","isPartOf":{"@id":"https:\/\/www.parkgold.it\/news\/nuova-apertura-park-gold-parcheggio-aeroporto-bergamo-orio-al-serio\/"},"author":{"name":"sviluppati_master","@id":"https:\/\/www.parkgold.it\/news\/#\/schema\/person\/9227cf567f8e04a8bf9a7ae47ac54036"},"headline":"Nuova apertura Park Gold: Parcheggio Aeroporto Bergamo Orio Al Serio","datePublished":"2023-10-31T13:11:01+00:00","dateModified":"2023-10-31T13:23:48+00:00","mainEntityOfPage":{"@id":"https:\/\/www.parkgold.it\/news\/nuova-apertura-park-gold-parcheggio-aeroporto-bergamo-orio-al-serio\/"},"wordCount":476,"commentCount":0,"publisher":{"@id":"https:\/\/www.parkgold.it\/news\/#organization"},"image":{"@id":"https:\/\/www.parkgold.it\/news\/nuova-apertura-park-gold-parcheggio-aeroporto-bergamo-orio-al-serio\/#primaryimage"},"thumbnailUrl":"https:\/\/www.parkgold.it\/news\/wp-content\/uploads\/2023\/10\/img-parcheggio-bergamo-orio-al-serio2.jpg","articleSection":["News"],"inLanguage":"it-IT","potentialAction":[{"@type":"CommentAction","name":"Comment","target":["https:\/\/www.parkgold.it\/news\/nuova-apertura-park-gold-parcheggio-aeroporto-bergamo-orio-al-serio\/#respond"]}]},{"@type":"WebPage","@id":"https:\/\/www.parkgold.it\/news\/nuova-apertura-park-gold-parcheggio-aeroporto-bergamo-orio-al-serio\/","url":"https:\/\/www.parkgold.it\/news\/nuova-apertura-park-gold-parcheggio-aeroporto-bergamo-orio-al-serio\/","name":"Nuova apertura Park Gold: Parcheggio Aeroporto Bergamo Orio Al Serio","isPartOf":{"@id":"https:\/\/www.parkgold.it\/news\/#website"},"primaryImageOfPage":{"@id":"https:\/\/www.parkgold.it\/news\/nuova-apertura-park-gold-parcheggio-aeroporto-bergamo-orio-al-serio\/#primaryimage"},"image":{"@id":"https:\/\/www.parkgold.it\/news\/nuova-apertura-park-gold-parcheggio-aeroporto-bergamo-orio-al-serio\/#primaryimage"},"thumbnailUrl":"https:\/\/www.parkgold.it\/news\/wp-content\/uploads\/2023\/10\/img-parcheggio-bergamo-orio-al-serio2.jpg","datePublished":"2023-10-31T13:11:01+00:00","dateModified":"2023-10-31T13:23:48+00:00","description":"Nuova apertura Park Gold: Parcheggio Aeroporto Bergamo Orio Al Serio. Noi di ParkGold ci impegniamo a rendere il viaggio pi\u00f9 comodo","breadcrumb":{"@id":"https:\/\/www.parkgold.it\/news\/nuova-apertura-park-gold-parcheggio-aeroporto-bergamo-orio-al-serio\/#breadcrumb"},"inLanguage":"it-IT","potentialAction":[{"@type":"ReadAction","target":["https:\/\/www.parkgold.it\/news\/nuova-apertura-park-gold-parcheggio-aeroporto-bergamo-orio-al-serio\/"]}]},{"@type":"ImageObject","inLanguage":"it-IT","@id":"https:\/\/www.parkgold.it\/news\/nuova-apertura-park-gold-parcheggio-aeroporto-bergamo-orio-al-serio\/#primaryimage","url":"https:\/\/www.parkgold.it\/news\/wp-content\/uploads\/2023\/10\/img-parcheggio-bergamo-orio-al-serio2.jpg","contentUrl":"https:\/\/www.parkgold.it\/news\/wp-content\/uploads\/2023\/10\/img-parcheggio-bergamo-orio-al-serio2.jpg","width":1110,"height":624,"caption":"Parcheggio Aeroporto Bergamo Orio Al Serio - Park Gold"},{"@type":"BreadcrumbList","@id":"https:\/\/www.parkgold.it\/news\/nuova-apertura-park-gold-parcheggio-aeroporto-bergamo-orio-al-serio\/#breadcrumb","itemListElement":[{"@type":"ListItem","position":1,"name":"Home","item":"https:\/\/www.parkgold.it\/news\/"},{"@type":"ListItem","position":2,"name":"Nuova apertura Park Gold: Parcheggio Aeroporto Bergamo Orio Al Serio"}]},{"@type":"WebSite","@id":"https:\/\/www.parkgold.it\/news\/#website","url":"https:\/\/www.parkgold.it\/news\/","name":"Park Gold\u00ae News","description":"","publisher":{"@id":"https:\/\/www.parkgold.it\/news\/#organization"},"potentialAction":[{"@type":"SearchAction","target":{"@type":"EntryPoint","urlTemplate":"https:\/\/www.parkgold.it\/news\/?s={search_term_string}"},"query-input":{"@type":"PropertyValueSpecification","valueRequired":true,"valueName":"search_term_string"}}],"inLanguage":"it-IT"},{"@type":"Organization","@id":"https:\/\/www.parkgold.it\/news\/#organization","name":"Park Gold\u00ae News","url":"https:\/\/www.parkgold.it\/news\/","logo":{"@type":"ImageObject","inLanguage":"it-IT","@id":"https:\/\/www.parkgold.it\/news\/#\/schema\/logo\/image\/","url":"https:\/\/www.parkgold.it\/news\/wp-content\/uploads\/2023\/02\/logo-park-gold.png","contentUrl":"https:\/\/www.parkgold.it\/news\/wp-content\/uploads\/2023\/02\/logo-park-gold.png","width":1012,"height":430,"caption":"Park Gold\u00ae News"},"image":{"@id":"https:\/\/www.parkgold.it\/news\/#\/schema\/logo\/image\/"}},{"@type":"Person","@id":"https:\/\/www.parkgold.it\/news\/#\/schema\/person\/9227cf567f8e04a8bf9a7ae47ac54036","name":"sviluppati_master","image":{"@type":"ImageObject","inLanguage":"it-IT","@id":"https:\/\/www.parkgold.it\/news\/#\/schema\/person\/image\/","url":"https:\/\/secure.gravatar.com\/avatar\/879847fcee719d1da1831d74279f9460a6ae3624a51bb6ead8e9e709aa72e075?s=96&d=mm&r=g","contentUrl":"https:\/\/secure.gravatar.com\/avatar\/879847fcee719d1da1831d74279f9460a6ae3624a51bb6ead8e9e709aa72e075?s=96&d=mm&r=g","caption":"sviluppati_master"},"sameAs":["https:\/\/www.parkgold.it\/news"]}]}},"_links":{"self":[{"href":"https:\/\/www.parkgold.it\/news\/wp-json\/wp\/v2\/posts\/1398","targetHints":{"allow":["GET"]}}],"collection":[{"href":"https:\/\/www.parkgold.it\/news\/wp-json\/wp\/v2\/posts"}],"about":[{"href":"https:\/\/www.parkgold.it\/news\/wp-json\/wp\/v2\/types\/post"}],"author":[{"embeddable":true,"href":"https:\/\/www.parkgold.it\/news\/wp-json\/wp\/v2\/users\/1"}],"replies":[{"embeddable":true,"href":"https:\/\/www.parkgold.it\/news\/wp-json\/wp\/v2\/comments?post=1398"}],"version-history":[{"count":11,"href":"https:\/\/www.parkgold.it\/news\/wp-json\/wp\/v2\/posts\/1398\/revisions"}],"predecessor-version":[{"id":1418,"href":"https:\/\/www.parkgold.it\/news\/wp-json\/wp\/v2\/posts\/1398\/revisions\/1418"}],"wp:featuredmedia":[{"embeddable":true,"href":"https:\/\/www.parkgold.it\/news\/wp-json\/wp\/v2\/media\/1402"}],"wp:attachment":[{"href":"https:\/\/www.parkgold.it\/news\/wp-json\/wp\/v2\/media?parent=1398"}],"wp:term":[{"taxonomy":"category","embeddable":true,"href":"https:\/\/www.parkgold.it\/news\/wp-json\/wp\/v2\/categories?post=1398"},{"taxonomy":"post_tag","embeddable":true,"href":"https:\/\/www.parkgold.it\/news\/wp-json\/wp\/v2\/tags?post=1398"}],"curies":[{"name":"wp","href":"https:\/\/api.w.org\/{rel}","templated":true}]}}