{"id":1743,"date":"2025-09-30T15:00:03","date_gmt":"2025-09-30T13:00:03","guid":{"rendered":"https:\/\/www.parkgold.it\/news\/?p=1743"},"modified":"2025-09-30T15:00:05","modified_gmt":"2025-09-30T13:00:05","slug":"ryanair-rafforza-la-sua-presenza-in-veneto-cresce-lofferta-dal-marco-polo","status":"publish","type":"post","link":"https:\/\/www.parkgold.it\/news\/ryanair-rafforza-la-sua-presenza-in-veneto-cresce-lofferta-dal-marco-polo\/","title":{"rendered":"Ryanair rafforza la sua presenza in Veneto: cresce l\u2019offerta dal Marco Polo"},"content":{"rendered":"\n<p>L\u2019annuncio dell\u2019arrivo di un <strong>nuovo aereo basato presso l\u2019aeroporto Marco Polo di Venezia<\/strong> rappresenta un ulteriore passo nella strategia di crescita di Ryanair in Italia e, in particolare, nella regione Veneto. Con questa novit\u00e0, la compagnia low cost porter\u00e0 a sei gli aeromobili stazionati sul territorio: quattro a Venezia e due a Treviso.<\/p>\n\n\n\n<h2 class=\"wp-block-heading\">Un investimento che cambia lo scenario dei viaggi<\/h2>\n\n\n\n<p>L\u2019inserimento di un nuovo aeromobile non \u00e8 soltanto un dettaglio tecnico: significa <strong>pi\u00f9 frequenze settimanali, pi\u00f9 rotte consolidate e una capacit\u00e0 di trasporto passeggeri ancora maggiore<\/strong>. In concreto, Ryanair raggiunger\u00e0 oltre <strong>660 collegamenti settimanali su 62 rotte complessive<\/strong>, con una stima di oltre <strong>7 milioni di viaggiatori annui<\/strong> in transito dagli scali veneti.<\/p>\n\n\n\n<p>Si tratta di numeri che confermano il Veneto come uno snodo fondamentale per i flussi aerei europei, sia sul fronte del turismo sia per i viaggi d\u2019affari. L\u2019impatto positivo riguarda anche l\u2019occupazione, con migliaia di posti di lavoro diretti e indiretti supportati dall\u2019espansione.<\/p>\n\n\n\n<h2 class=\"wp-block-heading\">Nuove opportunit\u00e0 per chi vola dal Veneto<\/h2>\n\n\n\n<p>L\u2019operativo invernale prevede <strong>pi\u00f9 voli su 24 rotte gi\u00e0 molto popolari<\/strong>. Da Venezia, i passeggeri potranno raggiungere con maggiore frequenza mete come <strong>Barcellona, Dublino, Edimburgo e Copenaghen<\/strong>; da Treviso, invece, verranno potenziati i collegamenti verso <strong>Cracovia, Marrakech e Praga<\/strong>.<\/p>\n\n\n\n<p>Per i viaggiatori significa:<\/p>\n\n\n\n<ul class=\"wp-block-list\">\n<li><strong>Maggiore flessibilit\u00e0 negli orari<\/strong>, con pi\u00f9 alternative a disposizione;<\/li>\n\n\n\n<li><strong>Possibilit\u00e0 di pianificare weekend o viaggi business last minute<\/strong> senza rischiare di non trovare posto;<\/li>\n\n\n\n<li><strong>Tariffe competitive<\/strong>, marchio di fabbrica della compagnia, che rendono l\u2019Europa sempre pi\u00f9 vicina.<\/li>\n<\/ul>\n\n\n\n<p>In un periodo in cui la domanda di viaggi continua a crescere, soprattutto verso le capitali europee e le mete culturali, la presenza di pi\u00f9 aerei basati in Veneto offre ai passeggeri una libert\u00e0 di scelta senza precedenti.<\/p>\n\n\n\n<h2 class=\"wp-block-heading\">Un beneficio per turismo e territorio<\/h2>\n\n\n\n<p>Il rafforzamento di Ryanair ha un impatto diretto anche sull\u2019economia locale: pi\u00f9 voli significano pi\u00f9 visitatori, con vantaggi concreti per hotel, ristoranti, attivit\u00e0 culturali e commerciali. Allo stesso tempo, i cittadini veneti possono beneficiare di collegamenti diretti con alcune delle citt\u00e0 pi\u00f9 attrattive d\u2019Europa, favorendo non solo il turismo in uscita, ma anche lo scambio economico e culturale.<\/p>\n\n\n\n<h2 class=\"wp-block-heading\">Park Gold: partire senza pensieri dal Marco Polo<\/h2>\n\n\n\n<p>Con l\u2019aumento dei voli e del numero di passeggeri in transito, anche i servizi collegati all\u2019aeroporto diventano ancora pi\u00f9 preziosi. Tra questi, il parcheggio gioca un ruolo fondamentale: raggiungere il terminal in modo rapido e sicuro permette di vivere il viaggio senza stress fin dall\u2019inizio.<\/p>\n\n\n\n<p>Ecco perch\u00e9 <strong>Park Gold<\/strong> \u00e8 la scelta ideale per chi vola dal Marco Polo:<\/p>\n\n\n\n<ul class=\"wp-block-list\">\n<li><strong>Posti auto custoditi e sorvegliati<\/strong>, sempre disponibili;<\/li>\n\n\n\n<li><strong>Navetta gratuita e veloce<\/strong>, operativa h24;<\/li>\n\n\n\n<li><strong>Prenotazione online comoda e immediata<\/strong>, per assicurarsi il proprio parcheggio in anticipo.<\/li>\n<\/ul>\n\n\n\n<p>Che si tratti di un weekend a Barcellona, di una trasferta lavorativa a Dublino o di una vacanza nordica a Copenaghen, Park Gold \u00e8 al fianco dei viaggiatori per garantire <strong>comfort, praticit\u00e0 e sicurezza<\/strong>.<\/p>\n\n\n\n<div class=\"wp-block-buttons is-content-justification-center is-layout-flex wp-container-core-buttons-is-layout-16018d1d wp-block-buttons-is-layout-flex\">\n<div class=\"wp-block-button\"><a class=\"wp-block-button__link wp-element-button\" href=\"https:\/\/www.parkgold.it\/prenotazione.php\" target=\"_blank\" rel=\"noreferrer noopener\">PRENOTA<\/a><\/div>\n<\/div>\n\n\n\n<figure class=\"wp-block-image size-full\"><img loading=\"lazy\" decoding=\"async\" width=\"1000\" height=\"667\" src=\"https:\/\/www.parkgold.it\/news\/wp-content\/uploads\/2025\/09\/Ryanair-rafforza-la-sua-presenza-in-Veneto-cresce-lofferta-dal-Marco-Polo.jpg\" alt=\"Ryanair rafforza la sua presenza in Veneto cresce l\u2019offerta dal Marco Polo\" class=\"wp-image-1749\" srcset=\"https:\/\/www.parkgold.it\/news\/wp-content\/uploads\/2025\/09\/Ryanair-rafforza-la-sua-presenza-in-Veneto-cresce-lofferta-dal-Marco-Polo.jpg 1000w, https:\/\/www.parkgold.it\/news\/wp-content\/uploads\/2025\/09\/Ryanair-rafforza-la-sua-presenza-in-Veneto-cresce-lofferta-dal-Marco-Polo-300x200.jpg 300w, https:\/\/www.parkgold.it\/news\/wp-content\/uploads\/2025\/09\/Ryanair-rafforza-la-sua-presenza-in-Veneto-cresce-lofferta-dal-Marco-Polo-768x512.jpg 768w\" sizes=\"auto, (max-width: 1000px) 100vw, 1000px\" \/><\/figure>\n","protected":false},"excerpt":{"rendered":"<p>L\u2019annuncio dell\u2019arrivo di un nuovo aereo basato presso l\u2019aeroporto Marco Polo di Venezia rappresenta un ulteriore passo nella strategia&#8230;<\/p>\n","protected":false},"author":1,"featured_media":1749,"comment_status":"open","ping_status":"open","sticky":false,"template":"","format":"standard","meta":{"_kadence_starter_templates_imported_post":true,"_kad_post_transparent":"","_kad_post_title":"","_kad_post_layout":"","_kad_post_sidebar_id":"","_kad_post_content_style":"","_kad_post_vertical_padding":"","_kad_post_feature":"","_kad_post_feature_position":"","_kad_post_header":false,"_kad_post_footer":false,"footnotes":""},"categories":[32],"tags":[],"class_list":["post-1743","post","type-post","status-publish","format-standard","has-post-thumbnail","hentry","category-news"],"yoast_head":"<!-- This site is optimized with the Yoast SEO plugin v24.6 - https:\/\/yoast.com\/wordpress\/plugins\/seo\/ -->\n<title>Ryanair rafforza la sua presenza in Veneto: cresce l\u2019offerta dal Marco Polo<\/title>\n<meta name=\"description\" content=\"Ryanair rafforza la sua presenza in Veneto: cresce l\u2019offerta dal Marco Polo. Anche i servizi collegati diventano ancora pi\u00f9 preziosi!\" \/>\n<meta name=\"robots\" content=\"index, follow, max-snippet:-1, max-image-preview:large, max-video-preview:-1\" \/>\n<link rel=\"canonical\" href=\"https:\/\/www.parkgold.it\/news\/ryanair-rafforza-la-sua-presenza-in-veneto-cresce-lofferta-dal-marco-polo\/\" \/>\n<meta property=\"og:locale\" content=\"it_IT\" \/>\n<meta property=\"og:type\" content=\"article\" \/>\n<meta property=\"og:title\" content=\"Ryanair rafforza la sua presenza in Veneto: cresce l\u2019offerta dal Marco Polo\" \/>\n<meta property=\"og:description\" content=\"Ryanair rafforza la sua presenza in Veneto: cresce l\u2019offerta dal Marco Polo. Anche i servizi collegati diventano ancora pi\u00f9 preziosi!\" \/>\n<meta property=\"og:url\" content=\"https:\/\/www.parkgold.it\/news\/ryanair-rafforza-la-sua-presenza-in-veneto-cresce-lofferta-dal-marco-polo\/\" \/>\n<meta property=\"og:site_name\" content=\"Park Gold\u00ae News\" \/>\n<meta property=\"article:published_time\" content=\"2025-09-30T13:00:03+00:00\" \/>\n<meta property=\"article:modified_time\" content=\"2025-09-30T13:00:05+00:00\" \/>\n<meta property=\"og:image\" content=\"https:\/\/www.parkgold.it\/news\/wp-content\/uploads\/2025\/09\/Ryanair-rafforza-la-sua-presenza-in-Veneto-cresce-lofferta-dal-Marco-Polo.jpg\" \/>\n\t<meta property=\"og:image:width\" content=\"1000\" \/>\n\t<meta property=\"og:image:height\" content=\"667\" \/>\n\t<meta property=\"og:image:type\" content=\"image\/jpeg\" \/>\n<meta name=\"author\" content=\"sviluppati_master\" \/>\n<meta name=\"twitter:card\" content=\"summary_large_image\" \/>\n<meta name=\"twitter:label1\" content=\"Scritto da\" \/>\n\t<meta name=\"twitter:data1\" content=\"sviluppati_master\" \/>\n\t<meta name=\"twitter:label2\" content=\"Tempo di lettura stimato\" \/>\n\t<meta name=\"twitter:data2\" content=\"3 minuti\" \/>\n<script type=\"application\/ld+json\" class=\"yoast-schema-graph\">{\"@context\":\"https:\/\/schema.org\",\"@graph\":[{\"@type\":\"Article\",\"@id\":\"https:\/\/www.parkgold.it\/news\/ryanair-rafforza-la-sua-presenza-in-veneto-cresce-lofferta-dal-marco-polo\/#article\",\"isPartOf\":{\"@id\":\"https:\/\/www.parkgold.it\/news\/ryanair-rafforza-la-sua-presenza-in-veneto-cresce-lofferta-dal-marco-polo\/\"},\"author\":{\"name\":\"sviluppati_master\",\"@id\":\"https:\/\/www.parkgold.it\/news\/#\/schema\/person\/9227cf567f8e04a8bf9a7ae47ac54036\"},\"headline\":\"Ryanair rafforza la sua presenza in Veneto: cresce l\u2019offerta dal Marco Polo\",\"datePublished\":\"2025-09-30T13:00:03+00:00\",\"dateModified\":\"2025-09-30T13:00:05+00:00\",\"mainEntityOfPage\":{\"@id\":\"https:\/\/www.parkgold.it\/news\/ryanair-rafforza-la-sua-presenza-in-veneto-cresce-lofferta-dal-marco-polo\/\"},\"wordCount\":494,\"commentCount\":0,\"publisher\":{\"@id\":\"https:\/\/www.parkgold.it\/news\/#organization\"},\"image\":{\"@id\":\"https:\/\/www.parkgold.it\/news\/ryanair-rafforza-la-sua-presenza-in-veneto-cresce-lofferta-dal-marco-polo\/#primaryimage\"},\"thumbnailUrl\":\"https:\/\/www.parkgold.it\/news\/wp-content\/uploads\/2025\/09\/Ryanair-rafforza-la-sua-presenza-in-Veneto-cresce-lofferta-dal-Marco-Polo.jpg\",\"articleSection\":[\"News\"],\"inLanguage\":\"it-IT\",\"potentialAction\":[{\"@type\":\"CommentAction\",\"name\":\"Comment\",\"target\":[\"https:\/\/www.parkgold.it\/news\/ryanair-rafforza-la-sua-presenza-in-veneto-cresce-lofferta-dal-marco-polo\/#respond\"]}]},{\"@type\":\"WebPage\",\"@id\":\"https:\/\/www.parkgold.it\/news\/ryanair-rafforza-la-sua-presenza-in-veneto-cresce-lofferta-dal-marco-polo\/\",\"url\":\"https:\/\/www.parkgold.it\/news\/ryanair-rafforza-la-sua-presenza-in-veneto-cresce-lofferta-dal-marco-polo\/\",\"name\":\"Ryanair rafforza la sua presenza in Veneto: cresce l\u2019offerta dal Marco Polo\",\"isPartOf\":{\"@id\":\"https:\/\/www.parkgold.it\/news\/#website\"},\"primaryImageOfPage\":{\"@id\":\"https:\/\/www.parkgold.it\/news\/ryanair-rafforza-la-sua-presenza-in-veneto-cresce-lofferta-dal-marco-polo\/#primaryimage\"},\"image\":{\"@id\":\"https:\/\/www.parkgold.it\/news\/ryanair-rafforza-la-sua-presenza-in-veneto-cresce-lofferta-dal-marco-polo\/#primaryimage\"},\"thumbnailUrl\":\"https:\/\/www.parkgold.it\/news\/wp-content\/uploads\/2025\/09\/Ryanair-rafforza-la-sua-presenza-in-Veneto-cresce-lofferta-dal-Marco-Polo.jpg\",\"datePublished\":\"2025-09-30T13:00:03+00:00\",\"dateModified\":\"2025-09-30T13:00:05+00:00\",\"description\":\"Ryanair rafforza la sua presenza in Veneto: cresce l\u2019offerta dal Marco Polo. Anche i servizi collegati diventano ancora pi\u00f9 preziosi!\",\"breadcrumb\":{\"@id\":\"https:\/\/www.parkgold.it\/news\/ryanair-rafforza-la-sua-presenza-in-veneto-cresce-lofferta-dal-marco-polo\/#breadcrumb\"},\"inLanguage\":\"it-IT\",\"potentialAction\":[{\"@type\":\"ReadAction\",\"target\":[\"https:\/\/www.parkgold.it\/news\/ryanair-rafforza-la-sua-presenza-in-veneto-cresce-lofferta-dal-marco-polo\/\"]}]},{\"@type\":\"ImageObject\",\"inLanguage\":\"it-IT\",\"@id\":\"https:\/\/www.parkgold.it\/news\/ryanair-rafforza-la-sua-presenza-in-veneto-cresce-lofferta-dal-marco-polo\/#primaryimage\",\"url\":\"https:\/\/www.parkgold.it\/news\/wp-content\/uploads\/2025\/09\/Ryanair-rafforza-la-sua-presenza-in-Veneto-cresce-lofferta-dal-Marco-Polo.jpg\",\"contentUrl\":\"https:\/\/www.parkgold.it\/news\/wp-content\/uploads\/2025\/09\/Ryanair-rafforza-la-sua-presenza-in-Veneto-cresce-lofferta-dal-Marco-Polo.jpg\",\"width\":1000,\"height\":667,\"caption\":\"Ryanair rafforza la sua presenza in Veneto cresce l\u2019offerta dal Marco Polo\"},{\"@type\":\"BreadcrumbList\",\"@id\":\"https:\/\/www.parkgold.it\/news\/ryanair-rafforza-la-sua-presenza-in-veneto-cresce-lofferta-dal-marco-polo\/#breadcrumb\",\"itemListElement\":[{\"@type\":\"ListItem\",\"position\":1,\"name\":\"Home\",\"item\":\"https:\/\/www.parkgold.it\/news\/\"},{\"@type\":\"ListItem\",\"position\":2,\"name\":\"Ryanair rafforza la sua presenza in Veneto: cresce l\u2019offerta dal Marco Polo\"}]},{\"@type\":\"WebSite\",\"@id\":\"https:\/\/www.parkgold.it\/news\/#website\",\"url\":\"https:\/\/www.parkgold.it\/news\/\",\"name\":\"Park Gold\u00ae News\",\"description\":\"\",\"publisher\":{\"@id\":\"https:\/\/www.parkgold.it\/news\/#organization\"},\"potentialAction\":[{\"@type\":\"SearchAction\",\"target\":{\"@type\":\"EntryPoint\",\"urlTemplate\":\"https:\/\/www.parkgold.it\/news\/?s={search_term_string}\"},\"query-input\":{\"@type\":\"PropertyValueSpecification\",\"valueRequired\":true,\"valueName\":\"search_term_string\"}}],\"inLanguage\":\"it-IT\"},{\"@type\":\"Organization\",\"@id\":\"https:\/\/www.parkgold.it\/news\/#organization\",\"name\":\"Park Gold\u00ae News\",\"url\":\"https:\/\/www.parkgold.it\/news\/\",\"logo\":{\"@type\":\"ImageObject\",\"inLanguage\":\"it-IT\",\"@id\":\"https:\/\/www.parkgold.it\/news\/#\/schema\/logo\/image\/\",\"url\":\"https:\/\/www.parkgold.it\/news\/wp-content\/uploads\/2023\/02\/logo-park-gold.png\",\"contentUrl\":\"https:\/\/www.parkgold.it\/news\/wp-content\/uploads\/2023\/02\/logo-park-gold.png\",\"width\":1012,\"height\":430,\"caption\":\"Park Gold\u00ae News\"},\"image\":{\"@id\":\"https:\/\/www.parkgold.it\/news\/#\/schema\/logo\/image\/\"}},{\"@type\":\"Person\",\"@id\":\"https:\/\/www.parkgold.it\/news\/#\/schema\/person\/9227cf567f8e04a8bf9a7ae47ac54036\",\"name\":\"sviluppati_master\",\"image\":{\"@type\":\"ImageObject\",\"inLanguage\":\"it-IT\",\"@id\":\"https:\/\/www.parkgold.it\/news\/#\/schema\/person\/image\/\",\"url\":\"https:\/\/secure.gravatar.com\/avatar\/879847fcee719d1da1831d74279f9460a6ae3624a51bb6ead8e9e709aa72e075?s=96&d=mm&r=g\",\"contentUrl\":\"https:\/\/secure.gravatar.com\/avatar\/879847fcee719d1da1831d74279f9460a6ae3624a51bb6ead8e9e709aa72e075?s=96&d=mm&r=g\",\"caption\":\"sviluppati_master\"},\"sameAs\":[\"https:\/\/www.parkgold.it\/news\"]}]}<\/script>\n<!-- \/ Yoast SEO plugin. -->","yoast_head_json":{"title":"Ryanair rafforza la sua presenza in Veneto: cresce l\u2019offerta dal Marco Polo","description":"Ryanair rafforza la sua presenza in Veneto: cresce l\u2019offerta dal Marco Polo. Anche i servizi collegati diventano ancora pi\u00f9 preziosi!","robots":{"index":"index","follow":"follow","max-snippet":"max-snippet:-1","max-image-preview":"max-image-preview:large","max-video-preview":"max-video-preview:-1"},"canonical":"https:\/\/www.parkgold.it\/news\/ryanair-rafforza-la-sua-presenza-in-veneto-cresce-lofferta-dal-marco-polo\/","og_locale":"it_IT","og_type":"article","og_title":"Ryanair rafforza la sua presenza in Veneto: cresce l\u2019offerta dal Marco Polo","og_description":"Ryanair rafforza la sua presenza in Veneto: cresce l\u2019offerta dal Marco Polo. Anche i servizi collegati diventano ancora pi\u00f9 preziosi!","og_url":"https:\/\/www.parkgold.it\/news\/ryanair-rafforza-la-sua-presenza-in-veneto-cresce-lofferta-dal-marco-polo\/","og_site_name":"Park Gold\u00ae News","article_published_time":"2025-09-30T13:00:03+00:00","article_modified_time":"2025-09-30T13:00:05+00:00","og_image":[{"width":1000,"height":667,"url":"https:\/\/www.parkgold.it\/news\/wp-content\/uploads\/2025\/09\/Ryanair-rafforza-la-sua-presenza-in-Veneto-cresce-lofferta-dal-Marco-Polo.jpg","type":"image\/jpeg"}],"author":"sviluppati_master","twitter_card":"summary_large_image","twitter_misc":{"Scritto da":"sviluppati_master","Tempo di lettura stimato":"3 minuti"},"schema":{"@context":"https:\/\/schema.org","@graph":[{"@type":"Article","@id":"https:\/\/www.parkgold.it\/news\/ryanair-rafforza-la-sua-presenza-in-veneto-cresce-lofferta-dal-marco-polo\/#article","isPartOf":{"@id":"https:\/\/www.parkgold.it\/news\/ryanair-rafforza-la-sua-presenza-in-veneto-cresce-lofferta-dal-marco-polo\/"},"author":{"name":"sviluppati_master","@id":"https:\/\/www.parkgold.it\/news\/#\/schema\/person\/9227cf567f8e04a8bf9a7ae47ac54036"},"headline":"Ryanair rafforza la sua presenza in Veneto: cresce l\u2019offerta dal Marco Polo","datePublished":"2025-09-30T13:00:03+00:00","dateModified":"2025-09-30T13:00:05+00:00","mainEntityOfPage":{"@id":"https:\/\/www.parkgold.it\/news\/ryanair-rafforza-la-sua-presenza-in-veneto-cresce-lofferta-dal-marco-polo\/"},"wordCount":494,"commentCount":0,"publisher":{"@id":"https:\/\/www.parkgold.it\/news\/#organization"},"image":{"@id":"https:\/\/www.parkgold.it\/news\/ryanair-rafforza-la-sua-presenza-in-veneto-cresce-lofferta-dal-marco-polo\/#primaryimage"},"thumbnailUrl":"https:\/\/www.parkgold.it\/news\/wp-content\/uploads\/2025\/09\/Ryanair-rafforza-la-sua-presenza-in-Veneto-cresce-lofferta-dal-Marco-Polo.jpg","articleSection":["News"],"inLanguage":"it-IT","potentialAction":[{"@type":"CommentAction","name":"Comment","target":["https:\/\/www.parkgold.it\/news\/ryanair-rafforza-la-sua-presenza-in-veneto-cresce-lofferta-dal-marco-polo\/#respond"]}]},{"@type":"WebPage","@id":"https:\/\/www.parkgold.it\/news\/ryanair-rafforza-la-sua-presenza-in-veneto-cresce-lofferta-dal-marco-polo\/","url":"https:\/\/www.parkgold.it\/news\/ryanair-rafforza-la-sua-presenza-in-veneto-cresce-lofferta-dal-marco-polo\/","name":"Ryanair rafforza la sua presenza in Veneto: cresce l\u2019offerta dal Marco Polo","isPartOf":{"@id":"https:\/\/www.parkgold.it\/news\/#website"},"primaryImageOfPage":{"@id":"https:\/\/www.parkgold.it\/news\/ryanair-rafforza-la-sua-presenza-in-veneto-cresce-lofferta-dal-marco-polo\/#primaryimage"},"image":{"@id":"https:\/\/www.parkgold.it\/news\/ryanair-rafforza-la-sua-presenza-in-veneto-cresce-lofferta-dal-marco-polo\/#primaryimage"},"thumbnailUrl":"https:\/\/www.parkgold.it\/news\/wp-content\/uploads\/2025\/09\/Ryanair-rafforza-la-sua-presenza-in-Veneto-cresce-lofferta-dal-Marco-Polo.jpg","datePublished":"2025-09-30T13:00:03+00:00","dateModified":"2025-09-30T13:00:05+00:00","description":"Ryanair rafforza la sua presenza in Veneto: cresce l\u2019offerta dal Marco Polo. Anche i servizi collegati diventano ancora pi\u00f9 preziosi!","breadcrumb":{"@id":"https:\/\/www.parkgold.it\/news\/ryanair-rafforza-la-sua-presenza-in-veneto-cresce-lofferta-dal-marco-polo\/#breadcrumb"},"inLanguage":"it-IT","potentialAction":[{"@type":"ReadAction","target":["https:\/\/www.parkgold.it\/news\/ryanair-rafforza-la-sua-presenza-in-veneto-cresce-lofferta-dal-marco-polo\/"]}]},{"@type":"ImageObject","inLanguage":"it-IT","@id":"https:\/\/www.parkgold.it\/news\/ryanair-rafforza-la-sua-presenza-in-veneto-cresce-lofferta-dal-marco-polo\/#primaryimage","url":"https:\/\/www.parkgold.it\/news\/wp-content\/uploads\/2025\/09\/Ryanair-rafforza-la-sua-presenza-in-Veneto-cresce-lofferta-dal-Marco-Polo.jpg","contentUrl":"https:\/\/www.parkgold.it\/news\/wp-content\/uploads\/2025\/09\/Ryanair-rafforza-la-sua-presenza-in-Veneto-cresce-lofferta-dal-Marco-Polo.jpg","width":1000,"height":667,"caption":"Ryanair rafforza la sua presenza in Veneto cresce l\u2019offerta dal Marco Polo"},{"@type":"BreadcrumbList","@id":"https:\/\/www.parkgold.it\/news\/ryanair-rafforza-la-sua-presenza-in-veneto-cresce-lofferta-dal-marco-polo\/#breadcrumb","itemListElement":[{"@type":"ListItem","position":1,"name":"Home","item":"https:\/\/www.parkgold.it\/news\/"},{"@type":"ListItem","position":2,"name":"Ryanair rafforza la sua presenza in Veneto: cresce l\u2019offerta dal Marco Polo"}]},{"@type":"WebSite","@id":"https:\/\/www.parkgold.it\/news\/#website","url":"https:\/\/www.parkgold.it\/news\/","name":"Park Gold\u00ae News","description":"","publisher":{"@id":"https:\/\/www.parkgold.it\/news\/#organization"},"potentialAction":[{"@type":"SearchAction","target":{"@type":"EntryPoint","urlTemplate":"https:\/\/www.parkgold.it\/news\/?s={search_term_string}"},"query-input":{"@type":"PropertyValueSpecification","valueRequired":true,"valueName":"search_term_string"}}],"inLanguage":"it-IT"},{"@type":"Organization","@id":"https:\/\/www.parkgold.it\/news\/#organization","name":"Park Gold\u00ae News","url":"https:\/\/www.parkgold.it\/news\/","logo":{"@type":"ImageObject","inLanguage":"it-IT","@id":"https:\/\/www.parkgold.it\/news\/#\/schema\/logo\/image\/","url":"https:\/\/www.parkgold.it\/news\/wp-content\/uploads\/2023\/02\/logo-park-gold.png","contentUrl":"https:\/\/www.parkgold.it\/news\/wp-content\/uploads\/2023\/02\/logo-park-gold.png","width":1012,"height":430,"caption":"Park Gold\u00ae News"},"image":{"@id":"https:\/\/www.parkgold.it\/news\/#\/schema\/logo\/image\/"}},{"@type":"Person","@id":"https:\/\/www.parkgold.it\/news\/#\/schema\/person\/9227cf567f8e04a8bf9a7ae47ac54036","name":"sviluppati_master","image":{"@type":"ImageObject","inLanguage":"it-IT","@id":"https:\/\/www.parkgold.it\/news\/#\/schema\/person\/image\/","url":"https:\/\/secure.gravatar.com\/avatar\/879847fcee719d1da1831d74279f9460a6ae3624a51bb6ead8e9e709aa72e075?s=96&d=mm&r=g","contentUrl":"https:\/\/secure.gravatar.com\/avatar\/879847fcee719d1da1831d74279f9460a6ae3624a51bb6ead8e9e709aa72e075?s=96&d=mm&r=g","caption":"sviluppati_master"},"sameAs":["https:\/\/www.parkgold.it\/news"]}]}},"_links":{"self":[{"href":"https:\/\/www.parkgold.it\/news\/wp-json\/wp\/v2\/posts\/1743","targetHints":{"allow":["GET"]}}],"collection":[{"href":"https:\/\/www.parkgold.it\/news\/wp-json\/wp\/v2\/posts"}],"about":[{"href":"https:\/\/www.parkgold.it\/news\/wp-json\/wp\/v2\/types\/post"}],"author":[{"embeddable":true,"href":"https:\/\/www.parkgold.it\/news\/wp-json\/wp\/v2\/users\/1"}],"replies":[{"embeddable":true,"href":"https:\/\/www.parkgold.it\/news\/wp-json\/wp\/v2\/comments?post=1743"}],"version-history":[{"count":3,"href":"https:\/\/www.parkgold.it\/news\/wp-json\/wp\/v2\/posts\/1743\/revisions"}],"predecessor-version":[{"id":1750,"href":"https:\/\/www.parkgold.it\/news\/wp-json\/wp\/v2\/posts\/1743\/revisions\/1750"}],"wp:featuredmedia":[{"embeddable":true,"href":"https:\/\/www.parkgold.it\/news\/wp-json\/wp\/v2\/media\/1749"}],"wp:attachment":[{"href":"https:\/\/www.parkgold.it\/news\/wp-json\/wp\/v2\/media?parent=1743"}],"wp:term":[{"taxonomy":"category","embeddable":true,"href":"https:\/\/www.parkgold.it\/news\/wp-json\/wp\/v2\/categories?post=1743"},{"taxonomy":"post_tag","embeddable":true,"href":"https:\/\/www.parkgold.it\/news\/wp-json\/wp\/v2\/tags?post=1743"}],"curies":[{"name":"wp","href":"https:\/\/api.w.org\/{rel}","templated":true}]}}